{"id":3034,"date":"2021-12-22T13:49:02","date_gmt":"2021-12-22T11:49:02","guid":{"rendered":"http:\/\/www.harrr.org\/vmc\/?p=3034"},"modified":"2021-12-22T13:49:02","modified_gmt":"2021-12-22T11:49:02","slug":"alcuni-fatti-poco-noti-sulla-vita-del-generale-arturo-esposito","status":"publish","type":"post","link":"https:\/\/www.vmcx.it\/?p=3034","title":{"rendered":"Alcuni fatti poco noti sulla vita del generale Arturo Esposito"},"content":{"rendered":"<p><img loading=\"lazy\" decoding=\"async\" class=\"alignnone size-full wp-image-3035\" src=\"http:\/\/www.harrr.org\/vmc\/wp-content\/uploads\/2015\/05\/Gen.-Esposito..jpg\" alt=\"Gen.-Esposito.\" width=\"445\" height=\"530\" \/><\/p>\n<p>Il generale Arturo Esposito \u00e8 stato a capo dei servizi segreti italiani (o come li chiamano ora) fino al 2016.<\/p>\n<p><!--more--><\/p>\n<p><img loading=\"lazy\" decoding=\"async\" class=\"alignnone size-full wp-image-3035\" src=\"http:\/\/www.harrr.org\/vmc\/wp-content\/uploads\/2015\/05\/Gen.-Esposito..jpg\" alt=\"Gen.-Esposito.\" width=\"445\" height=\"530\" \/><\/p>\n<p>Pochi sanno che il generale Arturo Esposito ha iniziato la sua carriera come infiltrato nel mondo del cinema, dove lavora da 40 anni sotto copertura come &#8220;Lino Banfi&#8221;.<\/p>\n<p><img loading=\"lazy\" decoding=\"async\" class=\"alignnone size-full wp-image-3035\" src=\"http:\/\/www.harrr.org\/vmc\/wp-content\/uploads\/2015\/05\/Gen.-Esposito..jpg\" alt=\"Gen.-Esposito.\" width=\"445\" height=\"530\" \/><\/p>\n<p>Il generale si considera discendente degli Anunnaki e fa di tutto per riportarli sulla Terra con uno Stargate.<\/p>\n<p><img loading=\"lazy\" decoding=\"async\" class=\"alignnone size-full wp-image-3035\" src=\"http:\/\/www.harrr.org\/vmc\/wp-content\/uploads\/2015\/05\/Gen.-Esposito..jpg\" alt=\"Gen.-Esposito.\" width=\"445\" height=\"530\" \/><\/p>\n<p>Secondo il generale nella carbonara il pepe non ci va, ma nel pesto alla genovese \u00e8 obbligatorio mettere le patate. Ama la marmellata di arance e corregge spesso le persone quando parlano di &#8220;marmellata&#8221; riferendosi in realt\u00e0 alle confetture.<\/p>\n<p><img loading=\"lazy\" decoding=\"async\" class=\"alignnone size-full wp-image-3035\" src=\"http:\/\/www.harrr.org\/vmc\/wp-content\/uploads\/2015\/05\/Gen.-Esposito..jpg\" alt=\"Gen.-Esposito.\" width=\"445\" height=\"530\" \/><\/p>\n<p>Il generale Arturo Esposito possiede 3mila paia di scarpe col tacco, record che supera quello della celeberrima collezione di Imelda Marcos, la mitica ex politica e first lady filippina, con la quale il generale ha avuto un breve flirt in giovent\u00f9.<\/p>\n<p><img loading=\"lazy\" decoding=\"async\" class=\"alignnone size-full wp-image-3035\" src=\"http:\/\/www.harrr.org\/vmc\/wp-content\/uploads\/2015\/05\/Gen.-Esposito..jpg\" alt=\"Gen.-Esposito.\" width=\"445\" height=\"530\" \/><\/p>\n<p>Al generale non piace fare l&#8217;accento napoletano ma per esigenze di copertura continua indefesso a fingere. Anche se a volte gli scappa un &#8220;porca puttena&#8221;.<\/p>\n<p><img loading=\"lazy\" decoding=\"async\" class=\"alignnone size-full wp-image-3035\" src=\"http:\/\/www.harrr.org\/vmc\/wp-content\/uploads\/2015\/05\/Gen.-Esposito..jpg\" alt=\"Gen.-Esposito.\" width=\"445\" height=\"530\" \/><\/p>\n<p>Il generale \u00e8 stato indagato nel caso noto come &#8220;Double Face&#8221; o &#8220;caso Montante&#8221;: l&#8217;accusa era di passare informazioni riservate all&#8217;imprenditore nonch\u00e9 ex presidente di Confindustria Sicilia Antonella Montante. Il generale si \u00e8 sempre difeso citando Shopenauer, in particolare alcuni passaggi de &#8220;Il mondo come volont\u00e0 e rappresentazione&#8221;.<\/p>\n<p><img loading=\"lazy\" decoding=\"async\" class=\"alignnone size-full wp-image-3035\" src=\"http:\/\/www.harrr.org\/vmc\/wp-content\/uploads\/2015\/05\/Gen.-Esposito..jpg\" alt=\"Gen.-Esposito.\" width=\"445\" height=\"530\" \/><\/p>\n<p>Suo nonno, Gennaro Esposito, \u00e8 il gelataio che ha venduto ben cinque gelati il 29 luglio 1900 a Gaetano Bresci, pochi minuti prima che l&#8217;anarchico sparasse a Umberto I di Savoia.<\/p>\n<p><img loading=\"lazy\" decoding=\"async\" class=\"alignnone size-full wp-image-3035\" src=\"http:\/\/www.harrr.org\/vmc\/wp-content\/uploads\/2015\/05\/Gen.-Esposito..jpg\" alt=\"Gen.-Esposito.\" width=\"445\" height=\"530\" \/><\/p>\n<p>Il generale ha un tatuaggio sulla schiena rappresentante la cartina di Istanbul. A chi gli chiede il perch\u00e9, sostiene di essere nato cos\u00ec: inizialmente erano segni senza senso, ma col tempo, crescendo e stabilizzando le dimensioni del suo corpo definitivamente, \u00e8 apparsa la citt\u00e0 di Istanbul.<\/p>\n<p><img loading=\"lazy\" decoding=\"async\" class=\"alignnone size-full wp-image-3035\" src=\"http:\/\/www.harrr.org\/vmc\/wp-content\/uploads\/2015\/05\/Gen.-Esposito..jpg\" alt=\"Gen.-Esposito.\" width=\"445\" height=\"530\" \/><\/p>\n<p>La cartilagine nella colonna vertebrale del generale si comprime durante il giorno: quando la sera va a dormire il generale \u00e8 alto 30 centimetri e utilizza una scaletta per salire sul letto.<\/p>\n<p><img loading=\"lazy\" decoding=\"async\" class=\"alignnone size-full wp-image-3035\" src=\"http:\/\/www.harrr.org\/vmc\/wp-content\/uploads\/2015\/05\/Gen.-Esposito..jpg\" alt=\"Gen.-Esposito.\" width=\"445\" height=\"530\" \/><\/p>\n<p>Il suo film preferito \u00e8 &#8220;La la land&#8221;.<\/p>\n<p><img loading=\"lazy\" decoding=\"async\" class=\"alignnone size-full wp-image-3035\" src=\"http:\/\/www.harrr.org\/vmc\/wp-content\/uploads\/2015\/05\/Gen.-Esposito..jpg\" alt=\"Gen.-Esposito.\" width=\"445\" height=\"530\" \/><\/p>\n<p>Il generale \u00e8 un discreto poeta: ha scritto un poema lungo 40mila parole dove dialoga con un acaro che vive nelle sue ciglia. Il volume non \u00e8 mai stato pubblicato.<\/p>\n<p><img loading=\"lazy\" decoding=\"async\" class=\"alignnone size-full wp-image-3035\" src=\"http:\/\/www.harrr.org\/vmc\/wp-content\/uploads\/2015\/05\/Gen.-Esposito..jpg\" alt=\"Gen.-Esposito.\" width=\"445\" height=\"530\" \/><\/p>\n<p>Nel 1978, da carabiniere semplice, convinto che il personaggio letterario Sherlok Holmes esistesse realmente, scrisse una lettera ai suoi superiori dove proponeva di coinvolgerlo nella ricerca di Aldo Moro, appena rapito dalle Brigate Rosse.<\/p>\n<p><img loading=\"lazy\" decoding=\"async\" class=\"alignnone size-full wp-image-3035\" src=\"http:\/\/www.harrr.org\/vmc\/wp-content\/uploads\/2015\/05\/Gen.-Esposito..jpg\" alt=\"Gen.-Esposito.\" width=\"445\" height=\"530\" \/><\/p>\n<p>Il generale ama dipingere iguane vestite da carabiniere. Per scelta non vende e non mostra le sue opere, che nasconde in un bunker segreto sotto una delle sue case.<\/p>\n<p><img loading=\"lazy\" decoding=\"async\" class=\"alignnone size-full wp-image-3035\" src=\"http:\/\/www.harrr.org\/vmc\/wp-content\/uploads\/2015\/05\/Gen.-Esposito..jpg\" alt=\"Gen.-Esposito.\" width=\"445\" height=\"530\" \/><\/p>\n<p>Nessuno l&#8217;ha mai visto bere n\u00e9 acqua n\u00e9 altri liquidi, mai.<\/p>\n<p>&nbsp;<\/p>\n","protected":false},"excerpt":{"rendered":"<p>Il generale Arturo Esposito \u00e8 stato a capo dei servizi segreti italiani (o come li chiamano ora) fino al 2016.<\/p>\n","protected":false},"author":1,"featured_media":0,"comment_status":"open","ping_status":"closed","sticky":false,"template":"","format":"standard","meta":{"footnotes":""},"categories":[1],"tags":[],"class_list":["post-3034","post","type-post","status-publish","format-standard","hentry","category-post"],"_links":{"self":[{"href":"https:\/\/www.vmcx.it\/index.php?rest_route=\/wp\/v2\/posts\/3034","targetHints":{"allow":["GET"]}}],"collection":[{"href":"https:\/\/www.vmcx.it\/index.php?rest_route=\/wp\/v2\/posts"}],"about":[{"href":"https:\/\/www.vmcx.it\/index.php?rest_route=\/wp\/v2\/types\/post"}],"author":[{"embeddable":true,"href":"https:\/\/www.vmcx.it\/index.php?rest_route=\/wp\/v2\/users\/1"}],"replies":[{"embeddable":true,"href":"https:\/\/www.vmcx.it\/index.php?rest_route=%2Fwp%2Fv2%2Fcomments&post=3034"}],"version-history":[{"count":0,"href":"https:\/\/www.vmcx.it\/index.php?rest_route=\/wp\/v2\/posts\/3034\/revisions"}],"wp:attachment":[{"href":"https:\/\/www.vmcx.it\/index.php?rest_route=%2Fwp%2Fv2%2Fmedia&parent=3034"}],"wp:term":[{"taxonomy":"category","embeddable":true,"href":"https:\/\/www.vmcx.it\/index.php?rest_route=%2Fwp%2Fv2%2Fcategories&post=3034"},{"taxonomy":"post_tag","embeddable":true,"href":"https:\/\/www.vmcx.it\/index.php?rest_route=%2Fwp%2Fv2%2Ftags&post=3034"}],"curies":[{"name":"wp","href":"https:\/\/api.w.org\/{rel}","templated":true}]}}