{"id":3043,"date":"2015-05-21T13:30:40","date_gmt":"2015-05-21T11:30:40","guid":{"rendered":"http:\/\/www.harrr.org\/vmc\/?p=3043"},"modified":"2015-05-21T13:30:40","modified_gmt":"2015-05-21T11:30:40","slug":"un-martello-nel-cervello","status":"publish","type":"post","link":"https:\/\/www.vmcx.it\/?p=3043","title":{"rendered":"Un martello nel cervello"},"content":{"rendered":"<p>oggi si spreca l&#8217;aggettivo &#8220;iconico&#8221; a ogni pi\u00e8 sospinto, ma nel caso del carabinierismo l&#8217;oggetto martello si pu\u00f2 senza dubbio alcuno definire iconico e non per questo temere di diventare pelati e milanesi. \u00e8 uno dei topoi del carabinierismo contemporaneo.\u00a0i carabinieri hanno infatti un rapporto speciale con il martello. prima del manganello, prima della pistola, forse solo al pari con il loro amato cappello, \u00e8 il martello che conduce il carabinieri in spazi mentali che i civili non possono nemmeno intuire.\u00a0perch\u00e8 il carabiniere ha un uragano nel cervello, vorrebbe pensare ma non pu\u00f2, i pensieri si concentrano, si accumulano, formano un grumo di materia grigia sotto il cappello con la fiamma, come in un&#8217;orrida fucina dove cresce e mai non resta, delle incudini sonore, l\u2019importuno strepitar, alternando questo e quello, pesantissimo martello, fa con barbara armonia, muri e volte rimbombar e il cervello poverello, gi\u00e0 stordito sbalordito, non ragiona, si confonde, <a href=\"https:\/\/www.youtube.com\/watch?v=qTLImwochUQ\">si riduce ad impazzar<\/a>. e non, come <a href=\"https:\/\/www.youtube.com\/watch?v=lGIXrziSLCQ\">cantava rita pavone<\/a>, dare il martello in testa a chi non mi va, o meglio: a un livello pi\u00f9 sottile, subliminale, chi non ci va siamo noi, il martello \u00e8 a noi che lo vogliamo dare in testa.<\/p>\n<p><img loading=\"lazy\" decoding=\"async\" class=\"alignnone size-full wp-image-3044\" src=\"http:\/\/www.harrr.org\/vmc\/wp-content\/uploads\/2015\/05\/37917_1g.jpg\" alt=\"37917_1g\" width=\"500\" height=\"500\" \/><\/p>\n<p><img loading=\"lazy\" decoding=\"async\" class=\"alignnone size-medium wp-image-3050\" src=\"http:\/\/www.harrr.org\/vmc\/wp-content\/uploads\/2015\/05\/tyty-500x279.jpg\" alt=\"tyty\" width=\"500\" height=\"279\" \/><img loading=\"lazy\" decoding=\"async\" class=\"alignnone size-medium wp-image-3045\" src=\"http:\/\/www.harrr.org\/vmc\/wp-content\/uploads\/2015\/05\/Carabinieri-martello-500x375.jpg\" alt=\"Carabinieri-martello\" width=\"500\" height=\"375\" \/> <img loading=\"lazy\" decoding=\"async\" class=\"alignnone size-medium wp-image-3046\" src=\"http:\/\/www.harrr.org\/vmc\/wp-content\/uploads\/2015\/05\/falce_e_martello-500x426.jpg\" alt=\"falce_e_martello\" width=\"500\" height=\"426\" \/> <img loading=\"lazy\" decoding=\"async\" class=\"alignnone size-medium wp-image-3047\" src=\"http:\/\/www.harrr.org\/vmc\/wp-content\/uploads\/2015\/05\/martello-carabinieri-500x375.jpg\" alt=\"martello-carabinieri\" width=\"500\" height=\"375\" \/> <img loading=\"lazy\" decoding=\"async\" class=\"alignnone size-medium wp-image-3048\" src=\"http:\/\/www.harrr.org\/vmc\/wp-content\/uploads\/2015\/05\/martello-cronaca-Montecorvino-Rovella-500x666.jpg\" alt=\"martello-cronaca-Montecorvino-Rovella\" width=\"500\" height=\"666\" \/> <img loading=\"lazy\" decoding=\"async\" class=\"alignnone size-medium wp-image-3049\" src=\"http:\/\/www.harrr.org\/vmc\/wp-content\/uploads\/2015\/05\/rissa-condominio1-500x241.jpg\" alt=\"rissa-condominio1\" width=\"500\" height=\"241\" \/><\/p>\n","protected":false},"excerpt":{"rendered":"<p>oggi si spreca l&#8217;aggettivo &#8220;iconico&#8221; a ogni pi\u00e8 sospinto, ma nel caso del carabinierismo l&#8217;oggetto martello si pu\u00f2 senza dubbio alcuno definire iconico e non per questo temere di diventare pelati e milanesi. \u00e8 uno dei topoi del carabinierismo contemporaneo.\u00a0i carabinieri hanno infatti un rapporto speciale con il martello. prima del manganello, prima della pistola, [&hellip;]<\/p>\n","protected":false},"author":1,"featured_media":0,"comment_status":"open","ping_status":"closed","sticky":false,"template":"","format":"standard","meta":{"footnotes":""},"categories":[1],"tags":[4],"class_list":["post-3043","post","type-post","status-publish","format-standard","hentry","category-post","tag-arte"],"_links":{"self":[{"href":"https:\/\/www.vmcx.it\/index.php?rest_route=\/wp\/v2\/posts\/3043","targetHints":{"allow":["GET"]}}],"collection":[{"href":"https:\/\/www.vmcx.it\/index.php?rest_route=\/wp\/v2\/posts"}],"about":[{"href":"https:\/\/www.vmcx.it\/index.php?rest_route=\/wp\/v2\/types\/post"}],"author":[{"embeddable":true,"href":"https:\/\/www.vmcx.it\/index.php?rest_route=\/wp\/v2\/users\/1"}],"replies":[{"embeddable":true,"href":"https:\/\/www.vmcx.it\/index.php?rest_route=%2Fwp%2Fv2%2Fcomments&post=3043"}],"version-history":[{"count":0,"href":"https:\/\/www.vmcx.it\/index.php?rest_route=\/wp\/v2\/posts\/3043\/revisions"}],"wp:attachment":[{"href":"https:\/\/www.vmcx.it\/index.php?rest_route=%2Fwp%2Fv2%2Fmedia&parent=3043"}],"wp:term":[{"taxonomy":"category","embeddable":true,"href":"https:\/\/www.vmcx.it\/index.php?rest_route=%2Fwp%2Fv2%2Fcategories&post=3043"},{"taxonomy":"post_tag","embeddable":true,"href":"https:\/\/www.vmcx.it\/index.php?rest_route=%2Fwp%2Fv2%2Ftags&post=3043"}],"curies":[{"name":"wp","href":"https:\/\/api.w.org\/{rel}","templated":true}]}}