{"id":4784,"date":"2022-05-17T22:31:16","date_gmt":"2022-05-17T20:31:16","guid":{"rendered":"https:\/\/www.harrr.org\/vmc\/?p=4784"},"modified":"2022-05-17T22:31:16","modified_gmt":"2022-05-17T20:31:16","slug":"come-ilpost-it-ridimensiona-le-notizie-sulle-esercitazioni-militari-in-sardegna-spiegato-bene","status":"publish","type":"post","link":"https:\/\/www.vmcx.it\/?p=4784","title":{"rendered":"Come ilpost.it ridimensiona le notizie sulle esercitazioni militari in Sardegna, spiegato bene"},"content":{"rendered":"<p>in questi giorni sono in corso importanti esercitazioni militari in diverse zone del sud della Sardegna. un grande dispiego di forze per operazioni militari simulate che bloccano enormi aree dell&#8217;isola (in particolare davanti alle coste) e coinvolgono eserciti di diverse nazioni appartenenti alla Nato.<!--more--><\/p>\n<p>ora, inutile fare un riassunto della storia delle esercitazioni militari in Sardegna, \u00e8 una storia troppo lunga e complessa, cercate altrove. mi limito a fare una specie di analisi del testo, come a scuola, di un articolo de ilpost.it, quelli che &#8220;spiegano bene&#8221; le cose.<\/p>\n<p>l&#8217;articolo \u00e8 questo<br \/>\n<a href=\"https:\/\/anon.to\/?https:\/\/www.ilpost.it\/2022\/05\/16\/esercitazioni-militari-sardegna-nato\/\">https:\/\/www.ilpost.it\/2022\/05\/16\/esercitazioni-militari-sardegna-nato\/<\/a><\/p>\n<p>ed \u00e8 una confutazione\/smentita\/ve-lo-spieghiamo-meglio-noi, di due articoli di due altri giornali, uno dell&#8217;unione sarda e uno de il fatto quotidiano (che riprende quello dell&#8217;unione).<\/p>\n<p>titolo dell&#8217;articolo de ilpost.it:<\/p>\n<p><strong>&#8220;L\u2019allarmismo per le esercitazioni militari nelle spiagge della Sardegna&#8221;<\/strong><\/p>\n<p>molto accattivante. c&#8217;\u00e8 stato dell&#8217;allarmismo, quindi forse non \u00e8 proprio cos\u00ec come ci \u00e8 stato detto! non c&#8217;\u00e8 una mega operazione in atto di diversi eserciti appartenenti alla Nato? leggiamo.<\/p>\n<p>sommario:<\/p>\n<p><strong>&#8220;Alcuni giornali hanno raccontato di una regione circondata da navi militari e spiagge chiuse, <u>ma le cose non stanno esattamente cos\u00ec&#8221;<\/u><\/strong><\/p>\n<p>ok, sempre pi\u00f9 accattivante. qualcuno ha detto qualcosa, ma forse non \u00e8 la verit\u00e0. il &#8220;ma le cose non stanno esattamente cos\u00ec&#8221; crea una certa suspense. siamo in zona &#8220;non vi hanno detto la verit\u00e0!! ora ve la diciamo noi!!&#8221;.<\/p>\n<p>ma, ancora prima di leggere, c&#8217;\u00e8 gi\u00e0 un messaggio subliminale nella scelta della foto di copertina. ovvero questa, &#8220;uno scorcio di villasimius&#8221;:<\/p>\n<figure id=\"attachment_4800\" aria-describedby=\"caption-attachment-4800\" style=\"width: 1093px\" class=\"wp-caption alignnone\"><img loading=\"lazy\" decoding=\"async\" class=\"size-full wp-image-4800\" src=\"https:\/\/www.vmcx.it\/wp-content\/uploads\/2022\/05\/Senza-titolo-1.jpg\" alt=\"\" width=\"1093\" height=\"772\" \/><figcaption id=\"caption-attachment-4800\" class=\"wp-caption-text\">Beh, tutto tranquillo no?<\/figcaption><\/figure>\n<p>acqua calma e cristallina, nessuno in spiaggia, un vero scorcio di paradiso, totalmente in contrasto con quello che sta avvenendo in queste ore. ad esempio potevano scegliere una foto come questa, scattata oggi a capo teulada:<\/p>\n<p><img loading=\"lazy\" decoding=\"async\" class=\"alignnone wp-image-4801 size-full\" src=\"https:\/\/www.vmcx.it\/wp-content\/uploads\/2022\/05\/46a693008292d3ba229a699f134c2392.jpg\" alt=\"\" width=\"700\" height=\"525\" \/><\/p>\n<p>oppure una delle foto surreali delle navi da guerra ormeggiate nel porto di Cagliari:<\/p>\n<p><img loading=\"lazy\" decoding=\"async\" class=\"alignnone size-full wp-image-4805\" src=\"https:\/\/www.vmcx.it\/wp-content\/uploads\/2022\/05\/18342228_10154225428022134_3452612644777774190_n.jpg\" alt=\"\" width=\"960\" height=\"720\" \/><\/p>\n<p>ma perch\u00e9 agitare i lettori? meglio una tranquilla e rassicurante cartolina della sardegna. dopotutto \u00e8 solo allarmismo, non c&#8217;\u00e8 niente di strano, anzi, non c&#8217;\u00e8 proprio niente: quindi mettiamo una foto di una spiaggia vuota.<\/p>\n<p>ma ecco l&#8217;articolo, consigliato come materiale di studio per chiunque voglia fare il giornalista. leggete con attenzione (le sottolineature sono mie):<\/p>\n<p><strong>&#8220;Nel fine settimana c\u2019\u00e8 stato <u>un po\u2019 di allarmismo<\/u> causato dalla pubblicazione di alcuni articoli di giornale su una serie di esercitazioni della Marina militare italiana nel sud della Sardegna, che dovrebbero andare avanti fino alla fine di maggio.&#8221;<\/strong><\/p>\n<p>il tono \u00e8 meraviglioso, &#8220;c&#8217;\u00e8 stato un po&#8217; di allarmismo&#8221;, parlando di una situazione che va avanti da decenni: decenni di lotte, manifestazioni, commissioni parlamentari d&#8217;inchiesta, processi, reportage, documentari, ma dalla redazione milanese de ilpost.it in questi giorni c&#8217;\u00e8 giusto &#8220;un po&#8217; di allarmismo&#8221;. keep calm. tipico de ilpost.it anche il condizionale inutile, giusto per apparire giornalisti molto prudenti, quando dicono che le esercitazioni &#8220;dovrebbero andare avanti fino alla fine di maggio&#8221;. in realt\u00e0 si sa con esattezza la fine, il 27 maggio. ma il condizionale \u00e8 d&#8217;obbligo, si sa. anzi, a quanto pare \u00e8 obbligatorio.<\/p>\n<p><strong>&#8220;[&#8230;] Nel suo articolo, l\u2019Unione Sarda parlava di una Sardegna \u00abcircondata\u00bb dalle navi militari, \u00aboggi pi\u00f9 che mai colonia e baricentro militare dell\u2019Italia e della NATO\u00bb. Quello del Fatto rincarava la dose citando nel proprio titolo <u>la NATO \u2013 che in realt\u00e0 \u00e8 coinvolta solo marginalmente<\/u> \u2013 e riportando la notizia di un presunto \u00abstop alle spiagge\u00bb; <u>lasciando intendere, ed \u00e8 falso, che le esercitazioni in corso avrebbero impedito l\u2019accesso alle spiagge e la balneazione sulla costa.&#8221;<\/u><\/strong><\/p>\n<p>attenzione alle parti sottolineate: la nato \u00e8 coinvolta &#8220;solo marginalmente&#8221; (vedremo dopo, come spiegato dallo stesso ilpost.it, che non \u00e8 cos\u00ec) e poi che &#8220;\u00e8 falso&#8221; che le esercitazioni avrebbero impedito l&#8217;accesso alle spiagge. oltretutto se scrivono che i due giornali hanno &#8220;lasciato intendere&#8221; \u00e8 perch\u00e9 nei due articoli citati sopra &#8211; dai toni abbastanza forti &#8211; non viene mai detto che viene impedito l&#8217;accesso alle spiagge. ma, colpo di scena, grazie al ilpost.it tra poco scopriremo che in realt\u00e0 s\u00ec, viene impedito. ma non voglio spoilerare. l&#8217;articolo continua cos\u00ec:<\/p>\n<p><strong>&#8220;[&#8230;] <\/strong><strong><u>La notizia, per\u00f2, \u00e8 stata ingigantita e va molto ridimensionata<\/u>. Un portavoce della Marina militare di Cagliari ha chiarito che <u>esercitazioni del genere vengono organizzate \u00abda decenni\u00bb due volte all\u2019anno e che ormai sono diventate \u00abconsuetudinarie\u00bb<\/u>.&#8221;<\/strong><\/p>\n<p>cio\u00e8 la notizia va &#8220;molto ridimensionata&#8221; perch\u00e9 s\u00ec, \u00e8 vero che queste grosse esercitazioni ci sono, ma vanno avanti da decenni, due volte all&#8217;anno, e sono diventate &#8220;consuetudinarie&#8221;, un po&#8217; come pasqua e natale.<\/p>\n<p>questo in teoria dovrebbe essere motivo in pi\u00f9 di preoccupazione, di allarmismo, perfino. ma non per ilpost.it: s\u00ec ok, lo fanno, ma lo fanno sempre, quindi che volete che sia. \u00e8 un po&#8217; una tradizione sarda. lo facciamo da decenni, non c&#8217;\u00e8 da preoccuparsi, ci siamo abituati. questa \u00e8 la norma, quindi non fate suonare l&#8217;allarme.<\/p>\n<p><strong><u>&#8220;La NATO non \u00e8 direttamente coinvolta<\/u> nella sua organizzazione e gestione: <u>il suo coinvolgimento \u00e8 dato dal fatto che alle esercitazioni partecipano anche alcuni mezzi e navi di paesi che fanno parte della NATO<\/u> e che la Marina \u00abinvita\u00bb a partecipare. [&#8230;]&#8221;<\/strong><\/p>\n<p>attenzione, notare la frase sottolineata: prima dei due punti viene detto che la Nato non \u00e8 &#8220;direttamente coinvolta&#8221;, ma dopo i due punti ilpost.it scrive che &#8220;alle esercitazioni partecipano anche alcuni mezzi e navi di paesi che fanno parte della Nato&#8221;. tradotto: partecipano &#8211; come sempre, da anni &#8211; paesi della Nato (in realt\u00e0, in altre occasioni, anche non della Nato). quindi bisognerebbe capire in che senso a ilpost.it intendono il verbo coinvolgere. cio\u00e8 in una sola frase i paesi Nato non sono coinvolti e sono coinvolti.<\/p>\n<p>la differenza fondamentale per loro credo sia nell&#8217;avverbio &#8220;direttamente&#8221; che non si capisce bene cosa voglia dire. cio\u00e8 che la Nato non ha organizzato l&#8217;operazione? ok, \u00e8 organizzata dalla Marina italiana, ma ci sono ben 7 nazioni Nato coinvolte&#8230;\u00a0 in pratica, nel tentativo di essere il pi\u00f9 possibile precisi vengono fuori frasi che sembrano scritte da lewis carrol. ma continuiamo:<\/p>\n<p><strong>&#8220;Sono state organizzate dalla Marina nell\u2019ambito di Mare Aperto, che la Marina stessa definisce <u>\u00abil maggior evento addestrativo della Marina Militare\u00bb.&#8221;<\/u><\/strong><\/p>\n<p>a parte l&#8217;amara ironia del nome &#8211; &#8220;mare aperto&#8221; &#8211; scelto per un evento che il mare invece lo chiude, il punto interessante \u00e8 un altro: questa cosa che per ilpost.it va &#8220;molto ridimensionata&#8221; \u00e8 definita dalla stessa marina militare italiana &#8220;il maggior evento addestrativo della Marina Militare&#8221;. cio\u00e8 non una cosuccia, ma &#8220;il maggior evento&#8221;.<\/p>\n<p>infatti esercitazioni in Sardegna ce ne sono sempre, tutto l&#8217;anno, ma due volte all&#8217;anno ci sono queste mega-esercitazioni dal forte impatto ambientale e sociale. aver scelto come fonte proprio la Marina ha reso l&#8217;articolo de ilpost.it surreale, perch\u00e9 \u00e8 la Marina stessa a contraddire il tono minimizzante de ilpost.it. cio\u00e8 viene fuori che non \u00e8 niente di che, \u00e8 solo IL MAGGIOR EVENTO ADDESTRATIVO DELLA MARINA ITALIANA, LOL.<\/p>\n<p>infatti, continuando la lettura:<\/p>\n<p><strong>&#8220;Alle esercitazioni <u>stanno prendendo parte \u00ab5.000 tra donne e uomini appartenenti a 7 nazioni della NATO e oltre 65 tra navi, sommergibili, velivoli, elicotteri, reparti della componente anfibia con mezzi da sbarco e veicoli d\u2019assalto\u00bb<\/u>. Alle esercitazioni partecipano anche decine di studenti e ricercatori universitari \u00abin qualit\u00e0 di consulenti politici, consulenti legali e addetti alla pubblica informazione\u00bb.&#8221;<\/strong><\/p>\n<p>viene da pensare che forse un po&#8217; di allarmismo ci sta pure, dai. notare le finezze dei virgolettati riportati, &#8220;5.000 tra donne e uomini&#8221;, senza scrivere che lavoro fanno, cio\u00e8 i soldati. scrivere 5mila soldati invece di 5mila &#8220;donne e uomini&#8221; \u00e8 un po&#8217; diverso. e poi, ehm, &#8220;7 nazioni della Nato&#8221; (quelle non coinvolte secondo ilpost.it, ma secondo la Marina s\u00ec) e 65 mezzi militari compresi sommergibili, mezzi anfibi, &#8220;velivoli&#8221; (cio\u00e8 aerei da guerra) e il solito terribile carnevale che chi abita in certe zone dell&#8217;isola conosce bene.<\/p>\n<p><strong>&#8220;Le zone in cui si sta svolgendo l\u2019esercitazione sono state rese pubbliche il 5 maggio con una ordinanza (PDF) emanata dalla capitaneria di porto di Cagliari. Nel documento si legge che l\u2019esercitazione si sarebbe svolta in 16 zone di mare esplicitamente circoscritte, con tanto di coordinate geografiche: si trovano nei pressi di paesi nella provincia del Sud Sardegna, che copre l\u2019area immediatamente a nord, est e ovest di Cagliari e in piccola parte in quella di Carbonia-Iglesias.<\/strong><\/p>\n<p><strong><u>Alcune di queste si trovano effettivamente a poca distanza da famose spiagge sarde<\/u>. La cosiddetta \u201carea India\u201d si trova in mare a circa un chilometro e mezzo dalle spiagge di Porto Corallo, una nota localit\u00e0 turistica nel comune di Villaputzu, nella provincia del Sud Sardegna. La \u201carea Hotel\u201d \u00e8 stata delimitata in un tratto di mare compreso fra altre due localit\u00e0 piuttosto popolari nella zona, Capo Ferrato e Casa della Marina. Altre zone sono state individuate ad alcuni chilometri di distanza da localit\u00e0 come Porto Pino, a sud di Carbonia, e Villasimius, nell\u2019estremo sud della costa orientale sarda.&#8221;<\/strong><\/p>\n<p>quell'&#8221;effettivamente&#8221; \u00e8 molto bello, ma soprattutto a colpirmi \u00e8 l&#8217;espressione &#8220;famose spiagge sarde&#8221;. come se il fatto che le esercitazioni vengano fatte vicino alle spiagge da cartolina, quelle che tanto piacciono ai turisti, rendesse la cosa &#8220;effettivamente&#8221; un po&#8217; grave, che forse giustificherebbe un po&#8217; di allarmismo&#8230; e i posti intorno? e le spiagge meno famose? e i luoghi dove non ci sono esseri umani ma altre specie? quanto dev&#8217;essere famosa una spiaggia per non essere invasa dai mezzi anfibi di 7 eserciti diversi?<\/p>\n<p>l&#8217;articolo continua cos\u00ec:<\/p>\n<p><strong>&#8220;Nella sua ordinanza del 5 maggio la capitaneria di porto di Cagliari ha fatto sapere che in queste aree \u00absono vietati il transito, la sosta, la navigazione, l\u2019ancoraggio di ogni tipologia di unit\u00e0 navale, comprese quelle da diporto, nonch\u00e9 le immersioni, la balneazione, la pesca ed i mestieri affini\u00bb. <u>Ma il divieto riguarda soltanto i tratti di mare molto circoscritti in cui sono in corso le esercitazioni, e non quelle circostanti<\/u>.&#8221;<\/strong><\/p>\n<p>qua vengono elencati una serie di divieti che fanno venire voglia di agitare il pugno verso il cielo come <a href=\"https:\/\/static.wikia.nocookie.net\/memepediadankmemes\/images\/0\/01\/297.jpg\/revision\/latest?cb=20180908193511\">abraham simpson<\/a> o come nel <a href=\"https:\/\/www.sardegnaabbandonata.it\/wp-content\/uploads\/2012\/09\/DSC_8968.jpg\">famoso murales di pratobello<\/a> con le donne anziane che inveiscono contro gli elicotteri militari, ma ilpost.it ancora una volta ci riporta alla calma: i divieti riguardano solo tratti di mare circoscritti e non le zone circostanti. ahhh ok, circoscritti, non circostanti. quindi va bene cos\u00ec.<\/p>\n<p>qua ora arriva un altro grande classico di questo genere di articoli: i sindaci sardi terrorizzati da una cattiva informazione proprio all&#8217;inizio della stagione turistica, che ovviamente minimizzano la cosa in modo che nessun sardo si lamenti troppo e che nessun turista annulli le vacanze, anche solo per protesta:<\/p>\n<p><strong><u>&#8220;Non si hanno notizie, insomma, di spiagge chiuse per via delle esercitazioni<\/u>. \u00abTutte le nostre spiagge sono regolarmente aperte e nel fine settimana erano anche molto affollate\u00bb, spiega Sandro Porcu, sindaco di Villaputzu. Porcu racconta che nel territorio di Villaputzu <u>c\u2019\u00e8 una spiaggia che si trova in una zona militare, quella di Murtas, accessibile al pubblico soltanto in estate: il tratto di mare antistante alla spiaggia sar\u00e0 effettivamente coinvolto nelle esercitazioni militari, nella cosiddetta \u201carea Pisq 1\u201d, ma come ogni anno \u00abaprir\u00e0 regolarmente al pubblico il primo di giugno\u00bb.&#8221;<\/u><\/strong><\/p>\n<p>notare &#8220;non si hanno notizie, insomma, di spiagge chiuse per via delle esercitazioni&#8221;. tutto \u00e8 concentrato solo sulle spiagge. dopotutto la Sardegna cos&#8217;\u00e8 se non un buco con delle spiagge intorno?<\/p>\n<p>ma lo stesso sindaco di Villaputzu, due righe dopo, spiega che &#8220;effettivamente&#8221; (di nuovo questo avverbio) una spiaggia non \u00e8 accessibile perch\u00e9 coinvolta nelle esercitazioni e che &#8220;aprir\u00e0 regolarmente al pubblico il primo di giugno&#8221;. quindi anche qui siamo in zona gatto di schroedinger. le spiagge sono chiuse e non chiuse allo stesso tempo. non si hanno notizie di spiagge chiuse, ma qualche riga dopo ilpost.it d\u00e0 notizia di una spiaggia chiusa. ok.<\/p>\n<p><strong>&#8220;\u00abLe spiagge rimangono totalmente a disposizione dei cittadini\u00bb, dice Salvatore Piu, sindaco di Muravera, in cui si trova la frazione di Capo Ferrato: \u00abl\u2019unico impedimento \u00e8 alla pesca, ma i pescatori che in questo periodo devono rinunciarci percepiscono un risarcimento in denaro dalla Marina\u00bb.&#8221;<\/strong><\/p>\n<p>s\u00ec, \u00e8 vero, i pescatori non possono lavorare, ma li paghiamo, prendono dei risarcimenti dallo Stato. quindi dov&#8217;\u00e8 il problema?<\/p>\n<p>ma quanto? perch\u00e9? per quanto tempo? come vengono calcolati i risarcimenti? \u00e8 giusto? \u00e8 sbagliato? tutte domande che semplicemente non esistono in questa narrazione. poi arriva una conclusione apparentemente neutra ma che d\u00e0 la conferma della visione de ilpost.it sulla questione:<\/p>\n<p><strong>&#8220;La conclusione delle esercitazioni \u00e8 prevista per il 27 maggio, <u>in tempo per l\u2019inizio della stagione estiva<\/u>.&#8221;<\/strong><\/p>\n<p>apparentemente solo un dato, anzi una data, ma \u00e8 la frase dopo la virgola ad essere molto interessante: &#8220;in tempo per l&#8217;inizio della stagione estiva&#8221;. perch\u00e9 \u00e8 solo questo che conta. spiagge, turismo, stagione estiva, economia.<\/p>\n<p>le esercitazioni ci sono sempre, tutto l&#8217;anno, e due volte all&#8217;anno vengono fatte queste grandi manovre, questo assurdo, costoso e impattante carnevale militare. ma l&#8217;importante \u00e8 che l&#8217;economia vada avanti, che i turisti possano andare in spiaggia.<\/p>\n<p>insomma, ilpost.it ha deciso di fare una specie di debunking degli articoli del fatto quotidiano e dell&#8217;unione sarda con un articolo che sorpassa a destra gli altri due con numerose contraddizioni, frasi surreali e una visione completamente di parte. l&#8217;unica fonte infatti sembra essere la Marina militare, e forse qualche collega milanese che fa le vacanze in Sardegna.<\/p>\n<p>com&#8217;\u00e8 possibile che un giornale, soprattutto nel momento in cui decide di fare chiarezza, di &#8220;spiegare bene&#8221;, usi come fonte proprio l&#8217;esercito? come unica fonte, per giunta. tanto che, credo per la prima volta, gli stessi commentatori del post &#8211; di solito fedelissimi che ringraziano al sito di esistere ogni giorno &#8211; nei commenti sotto all&#8217;articolo manifestano alcune perplessit\u00e0.<\/p>\n<p>nella descrizione del podcast quotidiano del vicedirettore del sito l&#8217;argomento viene presentato cos\u00ec: &#8220;le notizie false sulle esercitazioni militari in Sardegna&#8221;. a questo punto viene da chiedersi quali siano, queste notizie false: quelle dell&#8217;unione sarda, del fatto quotidiano o de ilpost.it?<\/p>\n<p>la normalizzazione della sardegna come parco giochi degli eserciti viene portata avanti anche da articoli come questo. non bisogna allarmarsi, non bisogna preoccuparsi, non bisogna pensarci troppo, \u00e8 tutto normale. i titoli del fatto quotidiano e dell&#8217;unione forse sono esagerati, ok, ma l&#8217;opposto \u00e8 la suadente voce del megafono del potere, di chi con voce rilassata e pacata ti dice di stare calmo, perch\u00e9 non c&#8217;\u00e8 niente di straordinario nella <a href=\"https:\/\/it.wikipedia.org\/wiki\/Servit%C3%B9_militare\">servit\u00f9 militare<\/a>.<\/p>\n<p>in realt\u00e0 il fatto che una situazione cos\u00ec venga fatta percepire come &#8220;ordinaria&#8221; \u00e8 straordinario, e merita di far suonare gli allarmi. \u00e8 proprio la normalit\u00e0 della situazione, di come l&#8217;esercito usi la Sardegna e di come ci si sia rassegnati a questo, ad essere grave e, come dire, allarmante.<\/p>\n<p>articoli come quelli de ilpost.it sono perfettamente in linea <a href=\"https:\/\/www.difesa.it\/Primo_Piano\/Pagine\/Visita-del-Sottosegretario-Pucciarelli-in-Sardegna.aspx\">con dichiarazioni deliranti come questa della sottosegretaria alla difesa Pucciarelli<\/a>, di qualche giorno fa, stranamente non citata dal giornale di milano:<\/p>\n<p><em>\u201cper la Sardegna questi elementi d\u2019organizzazione costituiscono anche un volano per lo sviluppo territoriale, contribuendo in diverso modo ad alimentare e sostenere il loro tessuto economico, occupazionale e sociale.\u201d<\/em><\/p>\n<p>un volano. vabb\u00e8. merita d&#8217;essere letta, se non la conoscete, l<a href=\"https:\/\/it.wikipedia.org\/wiki\/Stefania_Pucciarelli\">a bio della sottosegretaria<\/a>.<\/p>\n<p>va detto che l&#8217;ignoranza, il menefreghismo e la deprimente rassegnazione di fronte alle attivit\u00e0 militari in Sardegna non riguardano solo i giornali con redazione a milano, ahim\u00e8. purtroppo la stessa ignoranza e lo stesso disinteresse sono molto diffusi tra molti sardi, abituati a convivere con le esercitazioni militari fin da bambini.<\/p>\n<p>quando se ne parla spesso si conclude con un &#8220;eehhh vabb\u00e8, \u00e8 cos\u00ec, che ci vuoi fare?&#8221; e si ordina un&#8217;altra birra. questo per vari motivi (economici, depressione, essere nati immersi in una situazione che sembra inevitabile, del tipo &#8220;there is no alternative&#8221;), ma di base c&#8217;\u00e8 una forte assenza di cultura antimilitarista che caratterizza non solo l&#8217;isola ma l&#8217;italia intera, di cui la narrazione normalizzante de ilpost.it \u00e8 solo un esempio.<\/p>\n<p>alla fine, c&#8217;\u00e8 poco da fare, non la pizza, non gli spaghetti, non la focaccia, ma lo stivale del soldato \u00e8 il piatto tipico preferito da sardi, milanesi e italiani, da gustare e assaporare come antipasto, primo, secondo e dessert, spiegato bene.<\/p>\n<p>p.s.<\/p>\n<p>imperdibile anche la gallery con la sottosegretaria Pucciarelli che ammira le operazioni: <a href=\"https:\/\/www.ansa.it\/sito\/notizie\/cronaca\/2022\/05\/17\/esercitazione-nato-in-sardegna-4mila-unita-per-mare-aperto-foto-video_1f30a8e1-4d5c-46a7-b7a3-93604f4915e7.html\">https:\/\/www.ansa.it\/sito\/notizie\/cronaca\/2022\/05\/17\/esercitazione-nato-in-sardegna-4mila-unita-per-mare-aperto-foto-video_1f30a8e1-4d5c-46a7-b7a3-93604f4915e7.html<\/a><\/p>\n<p><img loading=\"lazy\" decoding=\"async\" class=\"alignnone wp-image-4792 size-full\" src=\"https:\/\/www.vmcx.it\/wp-content\/uploads\/2022\/05\/6eb70defdb628c1c52f3aca76290a0a8.jpg\" alt=\"\" width=\"700\" height=\"525\" \/><\/p>\n<p><img loading=\"lazy\" decoding=\"async\" class=\"alignnone wp-image-4793 size-full\" src=\"https:\/\/www.vmcx.it\/wp-content\/uploads\/2022\/05\/884e5e0506da3d3ca865893321f5a00b.jpg\" alt=\"\" width=\"700\" height=\"525\" \/><\/p>\n<figure id=\"attachment_4794\" aria-describedby=\"caption-attachment-4794\" style=\"width: 700px\" class=\"wp-caption alignnone\"><img loading=\"lazy\" decoding=\"async\" class=\"wp-image-4794 size-full\" src=\"https:\/\/www.vmcx.it\/wp-content\/uploads\/2022\/05\/82079e46c72d8c0a0f6d2cb9f48c28d7.jpg\" alt=\"\" width=\"700\" height=\"525\" \/><figcaption id=\"caption-attachment-4794\" class=\"wp-caption-text\">Beh? Cosa c&#8217;\u00e8 di strano? Lo facciamo sempre, sono le nostre tradizioni!<\/figcaption><\/figure>\n<p>&nbsp;<\/p>\n<p>&nbsp;<\/p>\n","protected":false},"excerpt":{"rendered":"<p>in questi giorni sono in corso importanti esercitazioni militari in diverse zone del sud della Sardegna. un grande dispiego di forze per operazioni militari simulate che bloccano enormi aree dell&#8217;isola (in particolare davanti alle coste) e coinvolgono eserciti di diverse nazioni appartenenti alla Nato.<\/p>\n","protected":false},"author":1,"featured_media":0,"comment_status":"open","ping_status":"closed","sticky":false,"template":"","format":"standard","meta":{"footnotes":""},"categories":[1],"tags":[],"class_list":["post-4784","post","type-post","status-publish","format-standard","hentry","category-post"],"_links":{"self":[{"href":"https:\/\/www.vmcx.it\/index.php?rest_route=\/wp\/v2\/posts\/4784","targetHints":{"allow":["GET"]}}],"collection":[{"href":"https:\/\/www.vmcx.it\/index.php?rest_route=\/wp\/v2\/posts"}],"about":[{"href":"https:\/\/www.vmcx.it\/index.php?rest_route=\/wp\/v2\/types\/post"}],"author":[{"embeddable":true,"href":"https:\/\/www.vmcx.it\/index.php?rest_route=\/wp\/v2\/users\/1"}],"replies":[{"embeddable":true,"href":"https:\/\/www.vmcx.it\/index.php?rest_route=%2Fwp%2Fv2%2Fcomments&post=4784"}],"version-history":[{"count":0,"href":"https:\/\/www.vmcx.it\/index.php?rest_route=\/wp\/v2\/posts\/4784\/revisions"}],"wp:attachment":[{"href":"https:\/\/www.vmcx.it\/index.php?rest_route=%2Fwp%2Fv2%2Fmedia&parent=4784"}],"wp:term":[{"taxonomy":"category","embeddable":true,"href":"https:\/\/www.vmcx.it\/index.php?rest_route=%2Fwp%2Fv2%2Fcategories&post=4784"},{"taxonomy":"post_tag","embeddable":true,"href":"https:\/\/www.vmcx.it\/index.php?rest_route=%2Fwp%2Fv2%2Ftags&post=4784"}],"curies":[{"name":"wp","href":"https:\/\/api.w.org\/{rel}","templated":true}]}}